{"id":3941,"date":"2022-05-30T11:40:09","date_gmt":"2022-05-29T21:40:08","guid":{"rendered":"http:\/\/assurlan.be\/nieuws\/quen-est-il-de-la-maison-si-vous-demenagez-en-maison-de-retraite\/"},"modified":"2023-09-25T12:40:18","modified_gmt":"2023-09-25T11:40:18","slug":"quen-est-il-de-la-maison-si-vous-demenagez-en-maison-de-retraite","status":"publish","type":"insunews","link":"https:\/\/assurlan.be\/fr\/nieuws\/quen-est-il-de-la-maison-si-vous-demenagez-en-maison-de-retraite\/","title":{"rendered":"Qu&rsquo;en est-il de la maison si vous d\u00e9m\u00e9nagez en maison de retraite?"},"content":{"rendered":"<p><em>Les frais que vous engagez pour pr\u00e9parer le logement parental \u00e0 la location sont-ils d\u00e9ductibles de la succession? Supposons que votre m\u00e8re soit laiss\u00e9e seule et qu&rsquo;il soit d\u00e9cid\u00e9 qu&rsquo;elle ira dans une maison de repos. Comme c&rsquo;est souvent le cas, cependant, la pension de votre m\u00e8re est insuffisante pour payer seule la lourde facture de la maison de retraite et l&rsquo;entretien de son logement. Vous \u00ab cadrez \u00bb avec\u2026 La maison de votre m\u00e8re est en cours de pr\u00e9paration pour la location.<\/em><\/p>\n<h2>Moins de droits de succession<\/h2>\n<p>Les versements que vous faites en tant que fille ou fils \u00e0 la maison de retraite et pour le foyer sont en principe d\u00e9ductibles du passif de la succession, de sorte que vous devez payer moins de droits de succession. Cependant, tout tourne autour de la charge de la preuve. Apr\u00e8s tout, vous devez d\u00e9montrer qu&rsquo;il y a encore une dette au moment du d\u00e9c\u00e8s et que la m\u00e8re avait donc l&rsquo;intention de rembourser les \u00ab frais \u00bb avanc\u00e9s. Vous pouvez ensuite le facturer \u00e0 la succession.<\/p>\n<p>Mais, il est important, surtout s&rsquo;il y a plusieurs enfants et que vous ne payez que, que vous r\u00e9digiez un accord \u00e9crit dans lequel vous d\u00e9clarez litt\u00e9ralement que vous ne faites qu&rsquo;avancer les frais. S&rsquo;il ressort \u00e9galement des preuves documentaires que vous avez pay\u00e9 les factures, il y aura peu de discussion.<\/p>\n<p><strong>Pas besoin de contacter diff\u00e9rents professionnels, nous nous occupons de tout !<\/strong><\/p>\n<p><em>Source: Verhuurklaar<\/em><\/p>\n","protected":false},"excerpt":{"rendered":"<p>Les frais que vous engagez pour pr\u00e9parer le logement parental \u00e0 la location sont-ils d\u00e9ductibles de la succession? Supposons que votre m\u00e8re soit laiss\u00e9e seule et qu&rsquo;il soit d\u00e9cid\u00e9 qu&rsquo;elle ira dans une maison de repos. Comme c&rsquo;est souvent le cas, cependant, la pension de votre m\u00e8re est insuffisante pour payer seule la lourde facture de la maison de retraite et l&rsquo;entretien de son logement. Vous \u00ab cadrez \u00bb avec\u2026 La maison de votre m\u00e8re est en cours de pr\u00e9paration pour la location.<\/p>\n","protected":false},"author":0,"featured_media":0,"template":"","class_list":["post-3941","insunews","type-insunews","status-publish","hentry"],"acf":[],"yoast_head":"<!-- This site is optimized with the Yoast SEO plugin v27.4 - https:\/\/yoast.com\/product\/yoast-seo-wordpress\/ -->\n<title>Qu&#039;en est-il de la maison si vous d\u00e9m\u00e9nagez en maison de retraite? - AssurLan<\/title>\n<meta name=\"description\" content=\"Ons kantoor in Landen behartigt uw belangen op het gebied van verzekeringen, spaar- en beleggingsproducten en biedt u ook tal van financi\u00eble diensten aan.\" \/>\n<meta name=\"robots\" content=\"index, follow, max-snippet:-1, max-image-preview:large, max-video-preview:-1\" \/>\n<link rel=\"canonical\" href=\"https:\/\/assurlan.be\/fr\/nieuws\/quen-est-il-de-la-maison-si-vous-demenagez-en-maison-de-retraite\/\" \/>\n<meta property=\"og:locale\" content=\"fr_FR\" \/>\n<meta property=\"og:type\" content=\"article\" \/>\n<meta property=\"og:title\" content=\"Qu&#039;en est-il de la maison si vous d\u00e9m\u00e9nagez en maison de retraite? - AssurLan\" \/>\n<meta property=\"og:description\" content=\"Ons kantoor in Landen behartigt uw belangen op het gebied van verzekeringen, spaar- en beleggingsproducten en biedt u ook tal van financi\u00eble diensten aan.\" \/>\n<meta property=\"og:url\" content=\"https:\/\/assurlan.be\/fr\/nieuws\/quen-est-il-de-la-maison-si-vous-demenagez-en-maison-de-retraite\/\" \/>\n<meta property=\"og:site_name\" content=\"AssurLan\" \/>\n<meta property=\"article:modified_time\" content=\"2023-09-25T11:40:18+00:00\" \/>\n<meta name=\"twitter:card\" content=\"summary_large_image\" \/>\n<meta name=\"twitter:label1\" content=\"Dur\u00e9e de lecture estim\u00e9e\" \/>\n\t<meta name=\"twitter:data1\" content=\"1 minute\" \/>\n<script type=\"application\/ld+json\" class=\"yoast-schema-graph\">{\"@context\":\"https:\\\/\\\/schema.org\",\"@graph\":[{\"@type\":\"WebPage\",\"@id\":\"https:\\\/\\\/assurlan.be\\\/fr\\\/nieuws\\\/quen-est-il-de-la-maison-si-vous-demenagez-en-maison-de-retraite\\\/\",\"url\":\"https:\\\/\\\/assurlan.be\\\/fr\\\/nieuws\\\/quen-est-il-de-la-maison-si-vous-demenagez-en-maison-de-retraite\\\/\",\"name\":\"Qu'en est-il de la maison si vous d\u00e9m\u00e9nagez en maison de retraite? - AssurLan\",\"isPartOf\":{\"@id\":\"https:\\\/\\\/assurlan.be\\\/#website\"},\"datePublished\":\"2022-05-29T21:40:08+00:00\",\"dateModified\":\"2023-09-25T11:40:18+00:00\",\"description\":\"Ons kantoor in Landen behartigt uw belangen op het gebied van verzekeringen, spaar- en beleggingsproducten en biedt u ook tal van financi\u00eble diensten aan.\",\"breadcrumb\":{\"@id\":\"https:\\\/\\\/assurlan.be\\\/fr\\\/nieuws\\\/quen-est-il-de-la-maison-si-vous-demenagez-en-maison-de-retraite\\\/#breadcrumb\"},\"inLanguage\":\"fr-FR\",\"potentialAction\":[{\"@type\":\"ReadAction\",\"target\":[\"https:\\\/\\\/assurlan.be\\\/fr\\\/nieuws\\\/quen-est-il-de-la-maison-si-vous-demenagez-en-maison-de-retraite\\\/\"]}]},{\"@type\":\"BreadcrumbList\",\"@id\":\"https:\\\/\\\/assurlan.be\\\/fr\\\/nieuws\\\/quen-est-il-de-la-maison-si-vous-demenagez-en-maison-de-retraite\\\/#breadcrumb\",\"itemListElement\":[{\"@type\":\"ListItem\",\"position\":1,\"name\":\"Home\",\"item\":\"https:\\\/\\\/assurlan.be\\\/\"},{\"@type\":\"ListItem\",\"position\":2,\"name\":\"News\",\"item\":\"https:\\\/\\\/assurlan.be\\\/nieuws\\\/\"},{\"@type\":\"ListItem\",\"position\":3,\"name\":\"Qu&rsquo;en est-il de la maison si vous d\u00e9m\u00e9nagez en maison de retraite?\"}]},{\"@type\":\"WebSite\",\"@id\":\"https:\\\/\\\/assurlan.be\\\/#website\",\"url\":\"https:\\\/\\\/assurlan.be\\\/\",\"name\":\"AssurLan\",\"description\":\"\",\"potentialAction\":[{\"@type\":\"SearchAction\",\"target\":{\"@type\":\"EntryPoint\",\"urlTemplate\":\"https:\\\/\\\/assurlan.be\\\/?s={search_term_string}\"},\"query-input\":{\"@type\":\"PropertyValueSpecification\",\"valueRequired\":true,\"valueName\":\"search_term_string\"}}],\"inLanguage\":\"fr-FR\"}]}<\/script>\n<!-- \/ Yoast SEO plugin. -->","yoast_head_json":{"title":"Qu'en est-il de la maison si vous d\u00e9m\u00e9nagez en maison de retraite? - AssurLan","description":"Ons kantoor in Landen behartigt uw belangen op het gebied van verzekeringen, spaar- en beleggingsproducten en biedt u ook tal van financi\u00eble diensten aan.","robots":{"index":"index","follow":"follow","max-snippet":"max-snippet:-1","max-image-preview":"max-image-preview:large","max-video-preview":"max-video-preview:-1"},"canonical":"https:\/\/assurlan.be\/fr\/nieuws\/quen-est-il-de-la-maison-si-vous-demenagez-en-maison-de-retraite\/","og_locale":"fr_FR","og_type":"article","og_title":"Qu'en est-il de la maison si vous d\u00e9m\u00e9nagez en maison de retraite? - AssurLan","og_description":"Ons kantoor in Landen behartigt uw belangen op het gebied van verzekeringen, spaar- en beleggingsproducten en biedt u ook tal van financi\u00eble diensten aan.","og_url":"https:\/\/assurlan.be\/fr\/nieuws\/quen-est-il-de-la-maison-si-vous-demenagez-en-maison-de-retraite\/","og_site_name":"AssurLan","article_modified_time":"2023-09-25T11:40:18+00:00","twitter_card":"summary_large_image","twitter_misc":{"Dur\u00e9e de lecture estim\u00e9e":"1 minute"},"schema":{"@context":"https:\/\/schema.org","@graph":[{"@type":"WebPage","@id":"https:\/\/assurlan.be\/fr\/nieuws\/quen-est-il-de-la-maison-si-vous-demenagez-en-maison-de-retraite\/","url":"https:\/\/assurlan.be\/fr\/nieuws\/quen-est-il-de-la-maison-si-vous-demenagez-en-maison-de-retraite\/","name":"Qu'en est-il de la maison si vous d\u00e9m\u00e9nagez en maison de retraite? - AssurLan","isPartOf":{"@id":"https:\/\/assurlan.be\/#website"},"datePublished":"2022-05-29T21:40:08+00:00","dateModified":"2023-09-25T11:40:18+00:00","description":"Ons kantoor in Landen behartigt uw belangen op het gebied van verzekeringen, spaar- en beleggingsproducten en biedt u ook tal van financi\u00eble diensten aan.","breadcrumb":{"@id":"https:\/\/assurlan.be\/fr\/nieuws\/quen-est-il-de-la-maison-si-vous-demenagez-en-maison-de-retraite\/#breadcrumb"},"inLanguage":"fr-FR","potentialAction":[{"@type":"ReadAction","target":["https:\/\/assurlan.be\/fr\/nieuws\/quen-est-il-de-la-maison-si-vous-demenagez-en-maison-de-retraite\/"]}]},{"@type":"BreadcrumbList","@id":"https:\/\/assurlan.be\/fr\/nieuws\/quen-est-il-de-la-maison-si-vous-demenagez-en-maison-de-retraite\/#breadcrumb","itemListElement":[{"@type":"ListItem","position":1,"name":"Home","item":"https:\/\/assurlan.be\/"},{"@type":"ListItem","position":2,"name":"News","item":"https:\/\/assurlan.be\/nieuws\/"},{"@type":"ListItem","position":3,"name":"Qu&rsquo;en est-il de la maison si vous d\u00e9m\u00e9nagez en maison de retraite?"}]},{"@type":"WebSite","@id":"https:\/\/assurlan.be\/#website","url":"https:\/\/assurlan.be\/","name":"AssurLan","description":"","potentialAction":[{"@type":"SearchAction","target":{"@type":"EntryPoint","urlTemplate":"https:\/\/assurlan.be\/?s={search_term_string}"},"query-input":{"@type":"PropertyValueSpecification","valueRequired":true,"valueName":"search_term_string"}}],"inLanguage":"fr-FR"}]}},"_links":{"self":[{"href":"https:\/\/assurlan.be\/fr\/wp-json\/wp\/v2\/insunews\/3941","targetHints":{"allow":["GET"]}}],"collection":[{"href":"https:\/\/assurlan.be\/fr\/wp-json\/wp\/v2\/insunews"}],"about":[{"href":"https:\/\/assurlan.be\/fr\/wp-json\/wp\/v2\/types\/insunews"}],"version-history":[{"count":0,"href":"https:\/\/assurlan.be\/fr\/wp-json\/wp\/v2\/insunews\/3941\/revisions"}],"wp:attachment":[{"href":"https:\/\/assurlan.be\/fr\/wp-json\/wp\/v2\/media?parent=3941"}],"curies":[{"name":"wp","href":"https:\/\/api.w.org\/{rel}","templated":true}]}}